{"id":266824,"date":"2021-07-16T10:16:21","date_gmt":"2021-08-14T10:16:00","guid":{"rendered":"https:\/\/www.villars.com\/120-jahre-schokolade\/"},"modified":"2022-05-28T17:02:22","modified_gmt":"2022-05-28T17:02:22","slug":"120-jahre-schokolade","status":"publish","type":"post","link":"https:\/\/www.villars.com\/de\/120-jahre-schokolade\/","title":{"rendered":"120 Jahre Schokolade"},"content":{"rendered":"<p>[et_pb_section fb_built=&#8221;1&#8243; _builder_version=&#8221;4.9.7&#8243; _module_preset=&#8221;default&#8221; custom_padding=&#8221;40px|||||&#8221;][et_pb_row _builder_version=&#8221;4.9.7&#8243; _module_preset=&#8221;default&#8221; custom_padding=&#8221;0px||0px|||&#8221;][et_pb_column type=&#8221;4_4&#8243; _builder_version=&#8221;4.9.7&#8243; _module_preset=&#8221;default&#8221;][et_pb_text _builder_version=&#8221;4.9.7&#8243; _module_preset=&#8221;default&#8221; hover_enabled=&#8221;0&#8243; sticky_enabled=&#8221;0&#8243;]<\/p>\n<p>Zum 120-j\u00e4hrigen Jubil\u00e4um l\u00e4dt La Chocolaterie Villars den Freiburger K\u00fcnstler Lowrider ein, das grafische Universum seiner \u201eKult\u201c-Pralinen neu zu entdecken.<\/p>\n<p>Anl\u00e4sslich dieses Jubil\u00e4ums tut sich der Ma\u00eetre Chocolatier aus Fribourg mit dem Streetart-K\u00fcnstler Serge Nidegger \u201eLowrider\u201c zusammen, der an den W\u00e4nden der Schokoladenfabrik ein kolossales Fresko signiert, das die Werte der Marke hervorhebt. Der K\u00fcnstler fertigte das farbenfrohe Fresko \u201eWe love it\u201c an, das die Geschichte der Marke anhand ihrer Werte nachzeichnet, die im Vintage-Stil illustriert sind, der dem Spezialisten f\u00fcr Wandmalereien bekannt ist. Das Fresko &#8220;reproduziert visuell, was Villars seit 120 Jahren einzigartig macht: die Aufmerksamkeit, die wir der Auswahl der Rohstoffe, unseren emblematischen Produkten, der Verbundenheit mit Traditionen und lokalen Wurzeln widmen&#8221;, erkl\u00e4rt Isabelle Larfeuille, Stellvertretende Gesch\u00e4ftsf\u00fchrerin von Villars.<\/p>\n<p>Diese Kreation wird auch eine Kapselserie in limitierter Auflage versch\u00f6nern. In Anlehnung an das Jubil\u00e4umsfresko werden 4 exklusive Produkte angeboten: eine Schachtel mit feinen Pralinen, die ab 24 sowie die ber\u00fchmten Schokoladenk\u00f6pfe, die in der Boutique von Villars im Online-Shop erh\u00e4ltlich sein werden <a href=\"https:\/\/shop.villars.com\/fr\/\">shop.villars.com<\/a> oder in den meisten Lebensmittelgesch\u00e4ften der Schweiz.<\/p>\n<p>Historische kreative Kollaborationen Seit seiner Gr\u00fcndung hat sich Villars immer von der k\u00fcnstlerischen Welt inspirieren lassen. Der erste Verein ist unterschrieben Martin Peikert. Als Grafiker und Plakatgestalter aus Zug entwarf er die ber\u00fchmte Villars-Kuh, die 1928 zum ersten offiziellen Emblem der Marke wurde. Es war dann Emile Cardinaux, ein Berner Maler, der Plakate schuf, die eine ganze Generation zum Tr\u00e4umen brachten. In j\u00fcngerer Zeit brachte Jaques Vallotton, Designer und Cartoonist aus der Romandie, mit seiner 1999 gezeichneten kleinen Kuh Mumu Cow einen Hauch von Frische und Fr\u00f6hlichkeit.<\/p>\n<p>[\/et_pb_text][\/et_pb_column][\/et_pb_row][et_pb_row column_structure=&#8221;1_2,1_2&#8243; _builder_version=&#8221;4.9.7&#8243; _module_preset=&#8221;default&#8221; custom_padding=&#8221;0px|||||&#8221;][et_pb_column type=&#8221;1_2&#8243; _builder_version=&#8221;4.9.7&#8243; _module_preset=&#8221;default&#8221;][et_pb_text _builder_version=&#8221;4.9.7&#8243; _module_preset=&#8221;default&#8221;]<\/p>\n<blockquote><p>Es ist ein gro\u00dfer Stolz und eine Freude, f\u00fcr die sch\u00f6nste Marke der Stadt zu arbeiten. Wir sind alle mit ihrer Schokolade aufgewachsen, wir haben alle unseren Liebling: bei mir ist es der Schokokopf, mit den kleinen M\u00e4ngeln im Karton frisch aus der Fabrik im Laden der alten Fabrik. Meine Werkstatt ist der direkte Nachbar der Fabrik, wir riechen morgens bei der Ankunft &#8220;we love it&#8221;. <span style=\"color: #c0852d;\">Lowrider, Streetart-K\u00fcnstler<\/span><\/p><\/blockquote>\n<p>[\/et_pb_text][\/et_pb_column][et_pb_column type=&#8221;1_2&#8243; _builder_version=&#8221;4.9.7&#8243; _module_preset=&#8221;default&#8221;][et_pb_image src=&#8221;https:\/\/www.villars.com\/wp-content\/uploads\/2021\/07\/serge_lowrider_hm.jpg&#8221; title_text=&#8221;serge_lowrider_hm&#8221; _builder_version=&#8221;4.9.7&#8243; _module_preset=&#8221;default&#8221;][\/et_pb_image][\/et_pb_column][\/et_pb_row][\/et_pb_section]<\/p>\n","protected":false},"excerpt":{"rendered":"<p>Anl\u00e4sslich seines 120. Geburtstages tut sich der Ma\u00eetre Chocolatier aus Fribourg mit dem Streetart-K\u00fcnstler Serge Nidegger \u201eLowrider\u201c zusammen, der an den W\u00e4nden der Schokoladenfabrik ein kolossales Fresko signiert, das die Werte der Marke hervorhebt.<\/p>\n","protected":false},"author":1,"featured_media":265567,"comment_status":"closed","ping_status":"closed","sticky":false,"template":"","format":"standard","meta":{"_et_pb_use_builder":"on","_et_pb_old_content":"","_et_gb_content_width":"","footnotes":""},"categories":[1],"tags":[],"class_list":["post-266824","post","type-post","status-publish","format-standard","has-post-thumbnail","hentry","category-nos-actualites"],"yoast_head":"<!-- This site is optimized with the Yoast SEO plugin v27.4 - https:\/\/yoast.com\/product\/yoast-seo-wordpress\/ -->\n<title>120 Jahre Villars-Schokolade - Nachrichten \u00fcber Villars-Schokolade<\/title>\n<meta name=\"robots\" content=\"index, follow, max-snippet:-1, max-image-preview:large, max-video-preview:-1\" \/>\n<link rel=\"canonical\" href=\"https:\/\/www.villars.com\/de\/120-jahre-schokolade\/\" \/>\n<meta property=\"og:locale\" content=\"de_DE\" \/>\n<meta property=\"og:type\" content=\"article\" \/>\n<meta property=\"og:title\" content=\"120 Jahre Villars-Schokolade - Nachrichten \u00fcber Villars-Schokolade\" \/>\n<meta property=\"og:description\" content=\"Anl\u00e4sslich seines 120. Geburtstages tut sich der Ma\u00eetre Chocolatier aus Fribourg mit dem Streetart-K\u00fcnstler Serge Nidegger \u201eLowrider\u201c zusammen, der an den W\u00e4nden der Schokoladenfabrik ein kolossales Fresko signiert, das die Werte der Marke hervorhebt.\" \/>\n<meta property=\"og:url\" content=\"https:\/\/www.villars.com\/de\/120-jahre-schokolade\/\" \/>\n<meta property=\"og:site_name\" content=\"Villars Swiss\" \/>\n<meta property=\"article:published_time\" content=\"2021-08-14T10:16:00+00:00\" \/>\n<meta property=\"article:modified_time\" content=\"2022-05-28T17:02:22+00:00\" \/>\n<meta property=\"og:image\" content=\"https:\/\/www.villars.com\/wp-content\/uploads\/2021\/07\/villars_fresque-1.jpg\" \/>\n\t<meta property=\"og:image:width\" content=\"592\" \/>\n\t<meta property=\"og:image:height\" content=\"800\" \/>\n\t<meta property=\"og:image:type\" content=\"image\/jpeg\" \/>\n<meta name=\"author\" content=\"adminVILLARS\" \/>\n<meta name=\"twitter:card\" content=\"summary_large_image\" \/>\n<meta name=\"twitter:label1\" content=\"Verfasst von\" \/>\n\t<meta name=\"twitter:data1\" content=\"adminVILLARS\" \/>\n\t<meta name=\"twitter:label2\" content=\"Gesch\u00e4tzte Lesezeit\" \/>\n\t<meta name=\"twitter:data2\" content=\"2\u00a0Minuten\" \/>\n<!-- \/ Yoast SEO plugin. -->","yoast_head_json":{"title":"120 Jahre Villars-Schokolade - Nachrichten \u00fcber Villars-Schokolade","robots":{"index":"index","follow":"follow","max-snippet":"max-snippet:-1","max-image-preview":"max-image-preview:large","max-video-preview":"max-video-preview:-1"},"canonical":"https:\/\/www.villars.com\/de\/120-jahre-schokolade\/","og_locale":"de_DE","og_type":"article","og_title":"120 Jahre Villars-Schokolade - Nachrichten \u00fcber Villars-Schokolade","og_description":"Anl\u00e4sslich seines 120. Geburtstages tut sich der Ma\u00eetre Chocolatier aus Fribourg mit dem Streetart-K\u00fcnstler Serge Nidegger \u201eLowrider\u201c zusammen, der an den W\u00e4nden der Schokoladenfabrik ein kolossales Fresko signiert, das die Werte der Marke hervorhebt.","og_url":"https:\/\/www.villars.com\/de\/120-jahre-schokolade\/","og_site_name":"Villars Swiss","article_published_time":"2021-08-14T10:16:00+00:00","article_modified_time":"2022-05-28T17:02:22+00:00","og_image":[{"width":592,"height":800,"url":"https:\/\/www.villars.com\/wp-content\/uploads\/2021\/07\/villars_fresque-1.jpg","type":"image\/jpeg"}],"author":"adminVILLARS","twitter_card":"summary_large_image","twitter_misc":{"Verfasst von":"adminVILLARS","Gesch\u00e4tzte Lesezeit":"2\u00a0Minuten"},"schema":{"@context":"https:\/\/schema.org","@graph":[{"@type":"Article","@id":"https:\/\/www.villars.com\/de\/120-jahre-schokolade\/#article","isPartOf":{"@id":"https:\/\/www.villars.com\/de\/120-jahre-schokolade\/"},"author":{"name":"adminVILLARS","@id":"https:\/\/www.villars.com\/de\/#\/schema\/person\/64fe58e0f5925d8edd1dc44108d95238"},"headline":"120 Jahre Schokolade","datePublished":"2021-08-14T10:16:00+00:00","dateModified":"2022-05-28T17:02:22+00:00","mainEntityOfPage":{"@id":"https:\/\/www.villars.com\/de\/120-jahre-schokolade\/"},"wordCount":494,"image":{"@id":"https:\/\/www.villars.com\/de\/120-jahre-schokolade\/#primaryimage"},"thumbnailUrl":"https:\/\/www.villars.com\/wp-content\/uploads\/2021\/07\/villars_fresque-1.jpg","articleSection":["Nos actualit\u00e9s"],"inLanguage":"de"},{"@type":"WebPage","@id":"https:\/\/www.villars.com\/de\/120-jahre-schokolade\/","url":"https:\/\/www.villars.com\/de\/120-jahre-schokolade\/","name":"120 Jahre Villars-Schokolade - Nachrichten \u00fcber Villars-Schokolade","isPartOf":{"@id":"https:\/\/www.villars.com\/de\/#website"},"primaryImageOfPage":{"@id":"https:\/\/www.villars.com\/de\/120-jahre-schokolade\/#primaryimage"},"image":{"@id":"https:\/\/www.villars.com\/de\/120-jahre-schokolade\/#primaryimage"},"thumbnailUrl":"https:\/\/www.villars.com\/wp-content\/uploads\/2021\/07\/villars_fresque-1.jpg","datePublished":"2021-08-14T10:16:00+00:00","dateModified":"2022-05-28T17:02:22+00:00","author":{"@id":"https:\/\/www.villars.com\/de\/#\/schema\/person\/64fe58e0f5925d8edd1dc44108d95238"},"breadcrumb":{"@id":"https:\/\/www.villars.com\/de\/120-jahre-schokolade\/#breadcrumb"},"inLanguage":"de","potentialAction":[{"@type":"ReadAction","target":["https:\/\/www.villars.com\/de\/120-jahre-schokolade\/"]}]},{"@type":"ImageObject","inLanguage":"de","@id":"https:\/\/www.villars.com\/de\/120-jahre-schokolade\/#primaryimage","url":"https:\/\/www.villars.com\/wp-content\/uploads\/2021\/07\/villars_fresque-1.jpg","contentUrl":"https:\/\/www.villars.com\/wp-content\/uploads\/2021\/07\/villars_fresque-1.jpg","width":592,"height":800},{"@type":"BreadcrumbList","@id":"https:\/\/www.villars.com\/de\/120-jahre-schokolade\/#breadcrumb","itemListElement":[{"@type":"ListItem","position":1,"name":"Accueil","item":"https:\/\/www.villars.com\/de\/"},{"@type":"ListItem","position":2,"name":"120 Jahre Schokolade"}]},{"@type":"WebSite","@id":"https:\/\/www.villars.com\/de\/#website","url":"https:\/\/www.villars.com\/de\/","name":"Villars Swiss","description":"Ma\u00eetre Chocolatier depuis 1901","potentialAction":[{"@type":"SearchAction","target":{"@type":"EntryPoint","urlTemplate":"https:\/\/www.villars.com\/de\/?s={search_term_string}"},"query-input":{"@type":"PropertyValueSpecification","valueRequired":true,"valueName":"search_term_string"}}],"inLanguage":"de"},{"@type":"Person","@id":"https:\/\/www.villars.com\/de\/#\/schema\/person\/64fe58e0f5925d8edd1dc44108d95238","name":"adminVILLARS","image":{"@type":"ImageObject","inLanguage":"de","@id":"https:\/\/secure.gravatar.com\/avatar\/a265eb15bcf1f8c3aa1258b0c17969ad3fce9afb3a4eba36d7370c9eb8e8fa1b?s=96&d=mm&r=g","url":"https:\/\/secure.gravatar.com\/avatar\/a265eb15bcf1f8c3aa1258b0c17969ad3fce9afb3a4eba36d7370c9eb8e8fa1b?s=96&d=mm&r=g","contentUrl":"https:\/\/secure.gravatar.com\/avatar\/a265eb15bcf1f8c3aa1258b0c17969ad3fce9afb3a4eba36d7370c9eb8e8fa1b?s=96&d=mm&r=g","caption":"adminVILLARS"},"description":"Donec erat ante, ultricies ac aliquet sed, euismod ac nibh. Sed gravida ipsum et dui ornare, posuere mattis felis tempus. Nam nec dolor in massa tincidunt ornare. Aliquam dapibus iaculis odio id consequat. Integer imperdiet mi vehicula sem tempor aliquet. Morbi sed condimentum ipsum.","sameAs":["https:\/\/www.villars.com"],"url":"https:\/\/www.villars.com\/de\/author\/adminvillars\/"}]}},"_links":{"self":[{"href":"https:\/\/www.villars.com\/de\/wp-json\/wp\/v2\/posts\/266824","targetHints":{"allow":["GET"]}}],"collection":[{"href":"https:\/\/www.villars.com\/de\/wp-json\/wp\/v2\/posts"}],"about":[{"href":"https:\/\/www.villars.com\/de\/wp-json\/wp\/v2\/types\/post"}],"author":[{"embeddable":true,"href":"https:\/\/www.villars.com\/de\/wp-json\/wp\/v2\/users\/1"}],"replies":[{"embeddable":true,"href":"https:\/\/www.villars.com\/de\/wp-json\/wp\/v2\/comments?post=266824"}],"version-history":[{"count":9,"href":"https:\/\/www.villars.com\/de\/wp-json\/wp\/v2\/posts\/266824\/revisions"}],"predecessor-version":[{"id":294165,"href":"https:\/\/www.villars.com\/de\/wp-json\/wp\/v2\/posts\/266824\/revisions\/294165"}],"wp:featuredmedia":[{"embeddable":true,"href":"https:\/\/www.villars.com\/de\/wp-json\/wp\/v2\/media\/265567"}],"wp:attachment":[{"href":"https:\/\/www.villars.com\/de\/wp-json\/wp\/v2\/media?parent=266824"}],"wp:term":[{"taxonomy":"category","embeddable":true,"href":"https:\/\/www.villars.com\/de\/wp-json\/wp\/v2\/categories?post=266824"},{"taxonomy":"post_tag","embeddable":true,"href":"https:\/\/www.villars.com\/de\/wp-json\/wp\/v2\/tags?post=266824"}],"curies":[{"name":"wp","href":"https:\/\/api.w.org\/{rel}","templated":true}]}}